{"id":10827,"date":"2025-05-02T16:12:18","date_gmt":"2025-05-02T14:12:18","guid":{"rendered":"https:\/\/stage.multicam-systems.com\/?p=10827"},"modified":"2025-05-02T16:13:45","modified_gmt":"2025-05-02T14:13:45","slug":"ici-champagne-ardenne-la-radio-que-lon-peut-regarder","status":"publish","type":"post","link":"https:\/\/stage.multicam-systems.com\/fr\/ici-champagne-ardenne-la-radio-que-lon-peut-regarder\/","title":{"rendered":"ICI Champagne-Ardenne : la radio que l\u2019on peut regarder"},"content":{"rendered":"\n<p><strong>Depuis le mardi 25 mars, une nouvelle \u00e9tape a \u00e9t\u00e9 franchie dans l\u2019\u00e9volution de la radio visuelle en France. D\u00e9sormais, les auditeurs de la matinale \u00ab <a href=\"https:\/\/www.francebleu.fr\/radio\/champagne-ardenne\" target=\"_blank\" rel=\"noopener\" title=\"ICI Champagne-Ardenne\">ICI Champagne-Ardenne<\/a> \u00bb peuvent aussi voir leurs animateurs et journalistes \u00e0 l\u2019\u00e9cran, gr\u00e2ce \u00e0 la mise en place d\u2019un syst\u00e8me automatis\u00e9 de captation vid\u00e9o d\u00e9velopp\u00e9 par multiCAM Systems.<\/strong><\/p>\n\n\n\n<div style=\"height:48px\" aria-hidden=\"true\" class=\"wp-block-spacer\"><\/div>\n\n\n\n<figure class=\"wp-block-image alignright size-full is-resized\"><img fetchpriority=\"high\" decoding=\"async\" width=\"550\" height=\"550\" src=\"https:\/\/stage.multicam-systems.com\/wp-content\/uploads\/2025\/04\/Design-sans-titre-copie-4.png\" alt=\"\" class=\"wp-image-10760\" style=\"width:437px;height:auto\" srcset=\"https:\/\/stage.multicam-systems.com\/wp-content\/uploads\/2025\/04\/Design-sans-titre-copie-4.png 550w, https:\/\/stage.multicam-systems.com\/wp-content\/uploads\/2025\/04\/Design-sans-titre-copie-4-300x300.png 300w, https:\/\/stage.multicam-systems.com\/wp-content\/uploads\/2025\/04\/Design-sans-titre-copie-4-150x150.png 150w\" sizes=\"(max-width: 550px) 100vw, 550px\" \/><\/figure>\n\n\n\n<h3 class=\"wp-block-heading\"><strong>Une transformation r\u00e9ussie pour le r\u00e9seau France Bleu \u2013 France 3<\/strong><\/h3>\n\n\n\n<p>\ud83d\udcfa Diffus\u00e9e en direct chaque matin de <strong>6h30 \u00e0 9h00<\/strong> sur <a href=\"https:\/\/www.france.tv\/france-3\/champagne-ardenne\/direct.html\" target=\"_blank\" rel=\"noopener\" title=\"France\">France<\/a><a href=\"https:\/\/www.france.tv\/france-3\/champagne-ardenne\/direct.html\" target=\"_blank\" rel=\"noopener\" title=\"France 3 Champagne-Ardenne\"> 3 Champagne-Ardenne<\/a>, <strong>du lundi au vendredi<\/strong>, cette matinale repr\u00e9sente une convergence r\u00e9ussie entre la radio et la t\u00e9l\u00e9vision r\u00e9gionale, <strong>offrant une exp\u00e9rience plus riche<\/strong>, plus immersive et plus connect\u00e9e aux t\u00e9l\u00e9spectateurs.<\/p>\n\n\n\n<p>Avec ce d\u00e9ploiement, \u00ab <strong>ICI Champagne-Ardenne \u00bb devient la 39e matinale visuelle du r\u00e9seau<\/strong>. Ce chiffre marque une \u00e9tape importante dans la strat\u00e9gie d\u2019innovation du <a href=\"https:\/\/www.francetelevisions.fr\/groupe\" target=\"_blank\" rel=\"noopener\" title=\"\">groupe France T\u00e9l\u00e9visions<\/a>, qui poursuit son engagement \u00e0 proposer <strong>une information de proximit\u00e9 visible, engageante et dynamique.<\/strong><\/p>\n\n\n\n<div style=\"height:51px\" aria-hidden=\"true\" class=\"wp-block-spacer\"><\/div>\n\n\n\n<p>Ce projet illustre parfaitement la volont\u00e9 <strong>de rapprocher les journalistes de leur public<\/strong>, de donner <strong>un visage \u00e0 la voix,<\/strong> et de rendre l\u2019actualit\u00e9 r\u00e9gionale encore plus accessible, captivante et facile \u00e0 suivre \u00e0 l\u2019\u00e9cran. En adoptant un format visuel, la radio gagne en dynamisme tout en pr\u00e9servant l\u2019essence de sa proximit\u00e9 avec les auditeurs.<\/p>\n\n\n\n<h3 class=\"wp-block-heading\"><strong>Une technologie intuitive pour une production fluide<\/strong><\/h3>\n\n\n\n<p>Pour accompagner cette transformation, <strong>multiCAM Systems a fourni une solution<\/strong> <a href=\"https:\/\/stage.multicam-systems.com\/fr\/multicam-radio\/\" target=\"_blank\" rel=\"noopener\" title=\"cl\u00e9 en main\">cl\u00e9 en main<\/a> con\u00e7ue pour s\u2019int\u00e9grer facilement \u00e0 l\u2019environnement technique de la radio et fonctionner de mani\u00e8re <strong>autonome<\/strong> ou <strong>semi-automatis\u00e9e.<\/strong> Gr\u00e2ce \u00e0 nos cam\u00e9ras robotiques intelligentes et \u00e0 notre syst\u00e8me de d\u00e9tection audio, la production se d\u00e9roule <strong>sans intervention manuelle constante<\/strong>, tout en garantissant une qualit\u00e9 de diffusion optimale.<\/p>\n\n\n\n<p>Notre solution s\u2019adapte aux besoins sp\u00e9cifiques de chaque studio et permet <strong>une production en temps r\u00e9el<\/strong>, m\u00eame avec une \u00e9quipe technique r\u00e9duite. Tout cela avec <strong>une interface simple<\/strong> et une compatibilit\u00e9 maximale avec les outils audio existants.<\/p>\n\n\n\n<div style=\"height:58px\" aria-hidden=\"true\" class=\"wp-block-spacer\"><\/div>\n\n\n\n<figure class=\"wp-block-image alignleft size-full is-resized\"><img decoding=\"async\" width=\"550\" height=\"550\" src=\"https:\/\/stage.multicam-systems.com\/wp-content\/uploads\/2025\/04\/Design-sans-titre-copie-2.png\" alt=\"\" class=\"wp-image-10763\" style=\"width:411px;height:auto\" srcset=\"https:\/\/stage.multicam-systems.com\/wp-content\/uploads\/2025\/04\/Design-sans-titre-copie-2.png 550w, https:\/\/stage.multicam-systems.com\/wp-content\/uploads\/2025\/04\/Design-sans-titre-copie-2-300x300.png 300w, https:\/\/stage.multicam-systems.com\/wp-content\/uploads\/2025\/04\/Design-sans-titre-copie-2-150x150.png 150w\" sizes=\"(max-width: 550px) 100vw, 550px\" \/><\/figure>\n\n\n\n<h3 class=\"wp-block-heading\"><strong>Une belle aventure collective<\/strong><\/h3>\n\n\n\n<p>Ce projet n\u2019aurait pas vu le jour sans l\u2019implication et la coordination de plusieurs \u00e9quipes motiv\u00e9es et passionn\u00e9es. Nous tenons \u00e0 f\u00e9liciter les \u00e9quipes techniques et \u00e9ditoriales de <strong><a href=\"https:\/\/www.france.tv\/france-3\/champagne-ardenne\/direct.html\" target=\"_blank\" rel=\"noopener\" title=\"France 3 Champagne-Ardenne\">France 3 Champagne-Ardenne<\/a><\/strong>,<strong> <a href=\"https:\/\/www.francebleu.fr\/\" target=\"_blank\" rel=\"noopener\" title=\"France Bleu\">France Bleu<\/a><\/strong> et <a href=\"https:\/\/www.francetelevisions.fr\/groupe\" target=\"_blank\" rel=\"noopener\" title=\"France T\u00e9l\u00e9visions\"><strong>France T\u00e9l\u00e9visions<\/strong><\/a> pour leur confiance et leur engagement.<\/p>\n\n\n\n<h3 class=\"wp-block-heading\"><strong>L\u2019avenir de la radio passe aussi par l\u2019image \ud83c\udfac<\/strong><\/h3>\n\n\n\n<p>Chez <strong>multiCAM Systems<\/strong>, nous croyons fermement que <strong>l\u2019avenir de la radio est hybride<\/strong>, combinant la force \u00e9motionnelle de la voix avec la puissance de l\u2019image. La radio visuelle permet de <strong>moderniser les formats,<\/strong> <strong>de toucher de nouveaux publics<\/strong> (notamment sur les r\u00e9seaux sociaux et les plateformes num\u00e9riques), et d\u2019amplifier <strong>la visibilit\u00e9 des contenus locaux<\/strong> dans un paysage m\u00e9diatique en constante \u00e9volution.<\/p>\n\n\n\n<p><\/p>\n\n\n\n<p><\/p>\n\n\n\n<p>Nous sommes fiers de contribuer \u00e0 cette \u00e9volution en mettant notre expertise technique au service de la <strong>proximit\u00e9, de l\u2019information r\u00e9gionale et de l\u2019innovation audiovisuelle.<\/strong><\/p>\n\n\n\n<div style=\"height:30px\" aria-hidden=\"true\" class=\"wp-block-spacer\"><\/div>\n\n\n\n<p class=\"has-text-align-left\"><\/p>\n\n\n\n<p><\/p>\n","protected":false},"excerpt":{"rendered":"<p>Depuis le mardi 25 mars, une nouvelle \u00e9tape a \u00e9t\u00e9 franchie dans l\u2019\u00e9volution de la radio visuelle en France. D\u00e9sormais, les auditeurs de la matinale \u00ab ICI Champagne-Ardenne \u00bb peuvent aussi voir leurs animateurs et journalistes \u00e0 l\u2019\u00e9cran, gr\u00e2ce \u00e0 la mise en place d\u2019un syst\u00e8me automatis\u00e9 de captation vid\u00e9o d\u00e9velopp\u00e9 par multiCAM Systems. Une [&hellip;]<\/p>\n","protected":false},"author":12,"featured_media":10749,"comment_status":"closed","ping_status":"open","sticky":false,"template":"","format":"standard","meta":{"footnotes":""},"categories":[72],"tags":[],"class_list":["post-10827","post","type-post","status-publish","format-standard","has-post-thumbnail","hentry","category-news-fr"],"aioseo_notices":[],"_links":{"self":[{"href":"https:\/\/stage.multicam-systems.com\/fr\/wp-json\/wp\/v2\/posts\/10827"}],"collection":[{"href":"https:\/\/stage.multicam-systems.com\/fr\/wp-json\/wp\/v2\/posts"}],"about":[{"href":"https:\/\/stage.multicam-systems.com\/fr\/wp-json\/wp\/v2\/types\/post"}],"author":[{"embeddable":true,"href":"https:\/\/stage.multicam-systems.com\/fr\/wp-json\/wp\/v2\/users\/12"}],"replies":[{"embeddable":true,"href":"https:\/\/stage.multicam-systems.com\/fr\/wp-json\/wp\/v2\/comments?post=10827"}],"version-history":[{"count":2,"href":"https:\/\/stage.multicam-systems.com\/fr\/wp-json\/wp\/v2\/posts\/10827\/revisions"}],"predecessor-version":[{"id":10830,"href":"https:\/\/stage.multicam-systems.com\/fr\/wp-json\/wp\/v2\/posts\/10827\/revisions\/10830"}],"wp:featuredmedia":[{"embeddable":true,"href":"https:\/\/stage.multicam-systems.com\/fr\/wp-json\/wp\/v2\/media\/10749"}],"wp:attachment":[{"href":"https:\/\/stage.multicam-systems.com\/fr\/wp-json\/wp\/v2\/media?parent=10827"}],"wp:term":[{"taxonomy":"category","embeddable":true,"href":"https:\/\/stage.multicam-systems.com\/fr\/wp-json\/wp\/v2\/categories?post=10827"},{"taxonomy":"post_tag","embeddable":true,"href":"https:\/\/stage.multicam-systems.com\/fr\/wp-json\/wp\/v2\/tags?post=10827"}],"curies":[{"name":"wp","href":"https:\/\/api.w.org\/{rel}","templated":true}]}}